{"id":4540,"date":"2026-04-30T18:26:27","date_gmt":"2026-04-30T16:26:27","guid":{"rendered":"https:\/\/www.fgudipartimentouniversita.org\/portale\/?p=4540"},"modified":"2026-04-30T18:44:27","modified_gmt":"2026-04-30T16:44:27","slug":"primo-maggio","status":"publish","type":"post","link":"https:\/\/www.fgudipartimentouniversita.org\/portale\/2026\/04\/30\/primo-maggio\/","title":{"rendered":"Primo maggio &#8211; Non \u00e8 una ricorrenza da calendario, non \u00e8 un rituale, non \u00e8 una celebrazione svuotata, \u00e8 nato da lotte vere."},"content":{"rendered":"\n<p><\/p>\n\n\n\n<p style=\"line-height:1.4\">Il Primo Maggio non \u00e8 una ricorrenza da calendario.<br>Non \u00e8 un palco, non \u00e8 un rituale, non \u00e8 una celebrazione svuotata.<br>\u00c8 nato da lotte vere.<br>Dalla conquista delle otto ore.<br>Dal sangue di chi ha pagato per dare dignit\u00e0 al lavoro \u2014 come a Portella della Ginestra.<br>Era coscienza collettiva, prima ancora che festa.<br>Oggi, invece, rischia di trasformarsi in qualcosa di diverso: un appuntamento simbolico, spesso pi\u00f9 vicino all\u2019intrattenimento che alla realt\u00e0 quotidiana di milioni di lavoratori.<br>E mentre si celebra, il lavoro \u2013 soprattutto quello pubblico \u2013 resta ai margini.<br>Universit\u00e0, la Scuola e gli enti di ricerca continuano a vivere condizioni sempre pi\u00f9 difficili:<br>stipendi lontani dagli standard europei, carichi crescenti, riconoscimento insufficiente.<br>Una marginalit\u00e0 che attraversa governi diversi, senza cambiare davvero.<br>Il punto \u00e8 semplice:<br>non possiamo permetterci un Primo Maggio che non faccia pensare.<br>Serve tornare al senso originario:<br>riflettere su ci\u00f2 che \u00e8 stato conquistato, su ci\u00f2 che stiamo perdendo, su ci\u00f2 che va difeso.<br>Perch\u00e9 il lavoro non \u00e8 solo economia.<br>\u00c8 dignit\u00e0. \u00c8 futuro. \u00c8 democrazia.<br>E quando il lavoro perde dignit\u00e0,<br>la perde un intero Paese. <\/p>\n\n\n\n<p style=\"line-height:0.5\">FGU Universit\u00e0<\/p>\n","protected":false},"excerpt":{"rendered":"<p>Il Primo Maggio non \u00e8 una ricorrenza da calendario.Non \u00e8 un palco, non \u00e8 un rituale, non \u00e8<\/p>\n","protected":false},"author":1,"featured_media":4541,"comment_status":"closed","ping_status":"closed","sticky":false,"template":"","format":"standard","meta":{"footnotes":""},"categories":[5,63],"tags":[138,136,137,135],"class_list":["post-4540","post","type-post","status-publish","format-standard","has-post-thumbnail","hentry","category-comunicati","category-comunicati-segreteria-nazionale","tag-calendario","tag-dignita","tag-lavoro","tag-primo-maggio"],"_links":{"self":[{"href":"https:\/\/www.fgudipartimentouniversita.org\/portale\/wp-json\/wp\/v2\/posts\/4540","targetHints":{"allow":["GET"]}}],"collection":[{"href":"https:\/\/www.fgudipartimentouniversita.org\/portale\/wp-json\/wp\/v2\/posts"}],"about":[{"href":"https:\/\/www.fgudipartimentouniversita.org\/portale\/wp-json\/wp\/v2\/types\/post"}],"author":[{"embeddable":true,"href":"https:\/\/www.fgudipartimentouniversita.org\/portale\/wp-json\/wp\/v2\/users\/1"}],"replies":[{"embeddable":true,"href":"https:\/\/www.fgudipartimentouniversita.org\/portale\/wp-json\/wp\/v2\/comments?post=4540"}],"version-history":[{"count":4,"href":"https:\/\/www.fgudipartimentouniversita.org\/portale\/wp-json\/wp\/v2\/posts\/4540\/revisions"}],"predecessor-version":[{"id":4548,"href":"https:\/\/www.fgudipartimentouniversita.org\/portale\/wp-json\/wp\/v2\/posts\/4540\/revisions\/4548"}],"wp:featuredmedia":[{"embeddable":true,"href":"https:\/\/www.fgudipartimentouniversita.org\/portale\/wp-json\/wp\/v2\/media\/4541"}],"wp:attachment":[{"href":"https:\/\/www.fgudipartimentouniversita.org\/portale\/wp-json\/wp\/v2\/media?parent=4540"}],"wp:term":[{"taxonomy":"category","embeddable":true,"href":"https:\/\/www.fgudipartimentouniversita.org\/portale\/wp-json\/wp\/v2\/categories?post=4540"},{"taxonomy":"post_tag","embeddable":true,"href":"https:\/\/www.fgudipartimentouniversita.org\/portale\/wp-json\/wp\/v2\/tags?post=4540"}],"curies":[{"name":"wp","href":"https:\/\/api.w.org\/{rel}","templated":true}]}}